{"id":14928,"date":"2023-04-14T13:57:00","date_gmt":"2023-04-14T11:57:00","guid":{"rendered":"https:\/\/beile.fr\/?p=14928"},"modified":"2023-09-14T17:01:19","modified_gmt":"2023-09-14T15:01:19","slug":"will-tintin-be-received-by-the-king","status":"publish","type":"post","link":"https:\/\/beile.fr\/en\/will-tintin-be-received-by-the-king\/","title":{"rendered":"Will Tintin be received by the king ?"},"content":{"rendered":"<div data-elementor-type=\"wp-post\" data-elementor-id=\"14928\" class=\"elementor elementor-14928\">\n\t\t\t\t\t\t<section class=\"elementor-section elementor-top-section elementor-element elementor-element-b946dbf elementor-section-full_width elementor-section-stretched elementor-section-height-default elementor-section-height-default wpr-particle-no wpr-jarallax-no wpr-parallax-no wpr-sticky-section-no\" data-id=\"b946dbf\" data-element_type=\"section\" data-e-type=\"section\" data-settings=\"{&quot;stretch_section&quot;:&quot;section-stretched&quot;}\">\n\t\t\t\t\t\t<div class=\"elementor-container elementor-column-gap-default\">\n\t\t\t\t\t<div class=\"elementor-column elementor-col-100 elementor-top-column elementor-element elementor-element-7cc1331\" data-id=\"7cc1331\" data-element_type=\"column\" data-e-type=\"column\">\n\t\t\t<div class=\"elementor-widget-wrap elementor-element-populated\">\n\t\t\t\t\t\t<section class=\"elementor-section elementor-inner-section elementor-element elementor-element-c739f71 elementor-section-boxed elementor-section-height-default elementor-section-height-default wpr-particle-no wpr-jarallax-no wpr-parallax-no wpr-sticky-section-no\" data-id=\"c739f71\" data-element_type=\"section\" data-e-type=\"section\">\n\t\t\t\t\t\t<div class=\"elementor-container elementor-column-gap-default\">\n\t\t\t\t\t<div class=\"elementor-column elementor-col-50 elementor-inner-column elementor-element elementor-element-8e3ca26 elementor-hidden-mobile\" data-id=\"8e3ca26\" data-element_type=\"column\" data-e-type=\"column\">\n\t\t\t<div class=\"elementor-widget-wrap\">\n\t\t\t\t\t\t\t<\/div>\n\t\t<\/div>\n\t\t\t\t<div class=\"elementor-column elementor-col-50 elementor-inner-column elementor-element elementor-element-0314969\" data-id=\"0314969\" data-element_type=\"column\" data-e-type=\"column\">\n\t\t\t<div class=\"elementor-widget-wrap elementor-element-populated\">\n\t\t\t\t\t\t<div class=\"elementor-element elementor-element-cc1ba68 elementor-widget elementor-widget-heading\" data-id=\"cc1ba68\" data-element_type=\"widget\" data-e-type=\"widget\" data-widget_type=\"heading.default\">\n\t\t\t\t<div class=\"elementor-widget-container\">\n\t\t\t\t\t<h2 class=\"elementor-heading-title elementor-size-default\">Will Tintin be received by the king ?<\/h2>\t\t\t\t<\/div>\n\t\t\t\t<\/div>\n\t\t\t\t<div class=\"elementor-element elementor-element-fddc386 elementor-widget-divider--view-line elementor-widget elementor-widget-divider\" data-id=\"fddc386\" data-element_type=\"widget\" data-e-type=\"widget\" data-widget_type=\"divider.default\">\n\t\t\t\t<div class=\"elementor-widget-container\">\n\t\t\t\t\t\t\t<div class=\"elementor-divider\">\n\t\t\t<span class=\"elementor-divider-separator\">\n\t\t\t\t\t\t<\/span>\n\t\t<\/div>\n\t\t\t\t\t\t<\/div>\n\t\t\t\t<\/div>\n\t\t\t\t\t<\/div>\n\t\t<\/div>\n\t\t\t\t\t<\/div>\n\t\t<\/section>\n\t\t\t\t<section class=\"elementor-section elementor-inner-section elementor-element elementor-element-53b434c elementor-section-boxed elementor-section-height-default elementor-section-height-default wpr-particle-no wpr-jarallax-no wpr-parallax-no wpr-sticky-section-no\" data-id=\"53b434c\" data-element_type=\"section\" data-e-type=\"section\">\n\t\t\t\t\t\t<div class=\"elementor-container elementor-column-gap-default\">\n\t\t\t\t\t<div class=\"elementor-column elementor-col-50 elementor-inner-column elementor-element elementor-element-8ea6a04\" data-id=\"8ea6a04\" data-element_type=\"column\" data-e-type=\"column\">\n\t\t\t<div class=\"elementor-widget-wrap elementor-element-populated\">\n\t\t\t\t\t\t<div class=\"elementor-element elementor-element-2d78833 elementor-widget elementor-widget-image\" data-id=\"2d78833\" data-element_type=\"widget\" data-e-type=\"widget\" data-widget_type=\"image.default\">\n\t\t\t\t<div class=\"elementor-widget-container\">\n\t\t\t\t\t\t\t\t\t\t\t\t\t\t\t<a href=\"https:\/\/beile.fr\/wp-content\/uploads\/2023\/05\/couv-originale-LPV-7-1939-1024x1009.jpg\" class=\"rl-gallery-link\"><img fetchpriority=\"high\" decoding=\"async\" width=\"1024\" height=\"1009\" src=\"https:\/\/beile.fr\/wp-content\/uploads\/2023\/05\/couv-originale-LPV-7-1939-1024x1009.jpg\" class=\"attachment-large size-large wp-image-14942\" alt=\"\" srcset=\"https:\/\/beile.fr\/wp-content\/uploads\/2023\/05\/couv-originale-LPV-7-1939-1024x1009.jpg 1024w, https:\/\/beile.fr\/wp-content\/uploads\/2023\/05\/couv-originale-LPV-7-1939-300x296.jpg 300w, https:\/\/beile.fr\/wp-content\/uploads\/2023\/05\/couv-originale-LPV-7-1939-768x757.jpg 768w, https:\/\/beile.fr\/wp-content\/uploads\/2023\/05\/couv-originale-LPV-7-1939-1536x1514.jpg 1536w, https:\/\/beile.fr\/wp-content\/uploads\/2023\/05\/couv-originale-LPV-7-1939-2048x2018.jpg 2048w, https:\/\/beile.fr\/wp-content\/uploads\/2023\/05\/couv-originale-LPV-7-1939-12x12.jpg 12w, https:\/\/beile.fr\/wp-content\/uploads\/2023\/05\/couv-originale-LPV-7-1939-500x493.jpg 500w, https:\/\/beile.fr\/wp-content\/uploads\/2023\/05\/couv-originale-LPV-7-1939-250x246.jpg 250w, https:\/\/beile.fr\/wp-content\/uploads\/2023\/05\/couv-originale-LPV-7-1939-100x100.jpg 100w, https:\/\/beile.fr\/wp-content\/uploads\/2023\/05\/couv-originale-LPV-7-1939-64x63.jpg 64w\" sizes=\"(max-width: 1024px) 100vw, 1024px\" \/><\/a>\t\t\t\t\t\t\t\t\t\t\t\t\t\t\t<\/div>\n\t\t\t\t<\/div>\n\t\t\t\t<div class=\"elementor-element elementor-element-b5a3a61 elementor-widget elementor-widget-image\" data-id=\"b5a3a61\" data-element_type=\"widget\" data-e-type=\"widget\" data-widget_type=\"image.default\">\n\t\t\t\t<div class=\"elementor-widget-container\">\n\t\t\t\t\t\t\t\t\t\t\t\t\t\t\t<a href=\"https:\/\/beile.fr\/wp-content\/uploads\/2023\/05\/LPV-7-16-fevrier-1939-708x1024.jpg\" class=\"rl-gallery-link\"><img decoding=\"async\" width=\"708\" height=\"1024\" src=\"https:\/\/beile.fr\/wp-content\/uploads\/2023\/05\/LPV-7-16-fevrier-1939-708x1024.jpg\" class=\"attachment-large size-large wp-image-14943\" alt=\"\" srcset=\"https:\/\/beile.fr\/wp-content\/uploads\/2023\/05\/LPV-7-16-fevrier-1939-708x1024.jpg 708w, https:\/\/beile.fr\/wp-content\/uploads\/2023\/05\/LPV-7-16-fevrier-1939-207x300.jpg 207w, https:\/\/beile.fr\/wp-content\/uploads\/2023\/05\/LPV-7-16-fevrier-1939-768x1111.jpg 768w, https:\/\/beile.fr\/wp-content\/uploads\/2023\/05\/LPV-7-16-fevrier-1939-1062x1536.jpg 1062w, https:\/\/beile.fr\/wp-content\/uploads\/2023\/05\/LPV-7-16-fevrier-1939-8x12.jpg 8w, https:\/\/beile.fr\/wp-content\/uploads\/2023\/05\/LPV-7-16-fevrier-1939-500x723.jpg 500w, https:\/\/beile.fr\/wp-content\/uploads\/2023\/05\/LPV-7-16-fevrier-1939-250x362.jpg 250w, https:\/\/beile.fr\/wp-content\/uploads\/2023\/05\/LPV-7-16-fevrier-1939-64x93.jpg 64w, https:\/\/beile.fr\/wp-content\/uploads\/2023\/05\/LPV-7-16-fevrier-1939.jpg 1289w\" sizes=\"(max-width: 708px) 100vw, 708px\" \/><\/a>\t\t\t\t\t\t\t\t\t\t\t\t\t\t\t<\/div>\n\t\t\t\t<\/div>\n\t\t\t\t\t<\/div>\n\t\t<\/div>\n\t\t\t\t<div class=\"elementor-column elementor-col-50 elementor-inner-column elementor-element elementor-element-5b0d80e\" data-id=\"5b0d80e\" data-element_type=\"column\" data-e-type=\"column\">\n\t\t\t<div class=\"elementor-widget-wrap elementor-element-populated\">\n\t\t\t\t\t\t<div class=\"elementor-element elementor-element-0d2197e elementor-widget elementor-widget-text-editor\" data-id=\"0d2197e\" data-element_type=\"widget\" data-e-type=\"widget\" data-widget_type=\"text-editor.default\">\n\t\t\t\t<div class=\"elementor-widget-container\">\n\t\t\t\t\t\t\t\t\t<p class=\"translation-block\"><span style=\"font-weight: 400\">9 February 1939. Tintin is convinced that a plot is brewing against the Syldavian sovereign. His arrival in the country was not easy; he even escaped execution. One solution: <\/span><i><span style=\"font-weight: 400\">\u201cLet\u2019s go quickly and warn King Muskar XII of the danger that threatens him\u2026\u201d <\/span><\/i><span style=\"font-weight: 400\">, says the reporter, on his way to the Royal Palace.<\/span><\/p><p class=\"translation-block\"><span style=\"font-weight: 400\">A week later, the reader of the <\/span><i><span style=\"font-weight: 400\">Petit Vingti\u00e8me<\/span><\/i><span style=\"font-weight: 400\"> discovers a crucial scene on the cover of No. 7: a butler, stiff as a picket pole, advances in the foreground. Tintin and Milou follow him closely. In the background stands a guard, the torso bulging. Well polished, the tiles slightly reflect the legs of the characters and the legs of Milou. No doubt, the hero is in the residence of the Syldave head of state. Under the drawing, a sentence adds to the suspense:  <\/span><i><span style=\"font-weight: 400\">\"Will Tintin be received by S.M. Muskar XII?\"<\/span><\/i><\/p><p class=\"translation-block\"><span style=\"font-weight: 400\">On the cover of the <\/span><i><span style=\"font-weight: 400\">Petit Vingti\u00e8me<\/span><\/i><span style=\"font-weight: 400\">, the design is enhanced by two colors called \u00absupport\u00bb: green and red. <\/span><i><span style=\"font-weight: 400\">The twentieth century<\/span><\/i><span style=\"font-weight: 400\"> and its supplements were printed in typography, and the colors were affixed approximately and in limited numbers.<\/span><\/p><p class=\"translation-block\"><span style=\"font-weight: 400\">The original in Chinese ink appeared in an Artcurial sale dedicated to Herg\u00e9 in 2017. Initially left in black and white, it had been painted in watercolor and white gouache by the draftsman the day he offered it to a relationship. This is not an isolated case: Herg\u00e9 did the same with some other covers of the <\/span><i><span style=\"font-weight: 400\">Petit Vingti\u00e8me<\/span><\/i><span style=\"font-weight: 400\">.<\/span><\/p><p><span style=\"font-weight: 400;\">Estimated between 600 and 800,000 euros by expert \u00c9ric Leroy, the drawing only reached 505,000 euros at the sale on 18 November 2017.<\/span><\/p><p class=\"translation-block\"><span style=\"font-weight: 400\">Now this drawing evoking a sequence of <\/span><i><span style=\"font-weight: 400\">Ottokar\u2019s Sceptrer<\/span><\/i><span style=\"font-weight: 400\"> has recently resurfaced. On March 17, the Farrando house organized a sale under the generic title <\/span><i><span style=\"font-weight: 400\">Complete furniture of a Parisian apartment and various<\/span><\/i><span style=\"font-weight: 400\">. Many objects of art, paintings, plates, carpets, armchairs and other dresses have succeeded each other under the hammer of the auctioneer. In the middle of all these lots, only one piece had a connection with the comic strip: Herg\u00e9\u2019s cover drawing for <\/span><i><span style=\"font-weight: 400\">Le Petit Vingti\u00e8me<\/span><\/i><span style=\"font-weight: 400\"> of February 16th, 1939. The estimate was lower than that set by Artcurial at the time: between 350 and 500,000 euros. But despite a press release on actuabd.com and a conference by expert Michel Coste, <\/span><i><span style=\"font-weight: 400\">Herg\u00e9's place in the auctions<\/span><\/i><span style=\"font-weight: 400\">, the day before the auction, fans of Tintin did not jostle: Milou, his master and the butler did not find a buyer. This little jewel of Herg\u00e9 will undoubtedly be seen again in the near future in another sale, preferably devoted to the ninth art.<\/span><\/p>\t\t\t\t\t\t\t\t<\/div>\n\t\t\t\t<\/div>\n\t\t\t\t<div class=\"elementor-element elementor-element-cd50573 elementor-widget elementor-widget-text-editor\" data-id=\"cd50573\" data-element_type=\"widget\" data-e-type=\"widget\" data-widget_type=\"text-editor.default\">\n\t\t\t\t<div class=\"elementor-widget-container\">\n\t\t\t\t\t\t\t\t\t<div class=\"wp-block-column\"><p class=\"has-ast-global-color-8-color has-text-color\"><strong>Patrice GUERIN<\/strong><\/p><\/div>\t\t\t\t\t\t\t\t<\/div>\n\t\t\t\t<\/div>\n\t\t\t\t<div class=\"elementor-element elementor-element-0be1c46 elementor-widget elementor-widget-shortcode\" data-id=\"0be1c46\" data-element_type=\"widget\" data-e-type=\"widget\" data-widget_type=\"shortcode.default\">\n\t\t\t\t<div class=\"elementor-widget-container\">\n\t\t\t\t\t\t\t<div class=\"elementor-shortcode\"><span class='wpfp-span'><img src='https:\/\/beile.fr\/wp-content\/uploads\/2023\/05\/heart.256x233-e1685006938621.png' alt='Favorite' title='Favorite' class='wpfp-img' \/><img src='https:\/\/beile.fr\/wp-content\/plugins\/wp-favorite-posts\/img\/loading.gif' alt='Loading' title='Loading' class='wpfp-hide wpfp-img' \/><a class='wpfp-link' href='?wpfpaction=add&amp;postid=14928' title='Add to favorites' rel='nofollow'>Add to favorites<\/a><\/span><\/div>\n\t\t\t\t\t\t<\/div>\n\t\t\t\t<\/div>\n\t\t\t\t\t<\/div>\n\t\t<\/div>\n\t\t\t\t\t<\/div>\n\t\t<\/section>\n\t\t\t\t\t<\/div>\n\t\t<\/div>\n\t\t\t\t\t<\/div>\n\t\t<\/section>\n\t\t\t\t<\/div>","protected":false},"excerpt":{"rendered":"<p>Will Tintin be received by the king? 9 February 1939. Tintin is convinced that a plot is being hatched against the ruler of Syldavia. His arrival in the country has not been easy; he has even escaped execution. There was only one solution: \"Let's go and warn King Muskar XII of the danger that threatens him...\", said the reporter as he walked briskly towards the Royal Palace. A week later, readers of Le Petit Vingti\u00e8me discover a crucial scene on the cover of issue 7: a butler, stiff as a board, steps into the foreground. Tintin and Snowy follow close behind. In the background stands a guard, his torso bulging. The shiny flagstones lightly reflect the legs of the characters and Snowy's paws. There's no doubt that the hero is in the residence of the Syldavian head of state. Below the drawing, a sentence adds to the suspense: \"Will Tintin be received by H.M. Muskar XII? On the cover of Le Petit Vingti\u00e8me, the drawing is enhanced by two \"support\" colours: green and red. Le Vingti\u00e8me Si\u00e8cle and its supplements were printed in letterpress, and the colours were applied approximately and in limited numbers. The original in Indian ink appeared in an Artcurial sale devoted to Herg\u00e9 in 2017. Originally left in black and white, it had been painted in watercolour and white gouache by the artist on the day he gave it to a friend. This is not an isolated case: Herg\u00e9 did the same with several other covers for Le Petit Vingti\u00e8me. Estimated at between \u20ac600,000 and \u20ac800,000 by expert \u00c9ric Leroy, the drawing fetched \"only\" \u20ac505,000 at the sale on 18 November 2017. Now this drawing, which evokes a sequence from The Sceptre of Ottokar, has recently resurfaced. On 17 March, Farrando organised a sale under the generic title Entier mobilier d'un appartement parisien et \u00e0 divers. Under the auctioneer's hammer, a host of objets d'art, paintings, plates, carpets, armchairs and chests of drawers were sold. Amidst all these lots, only one item had anything to do with comic strips: Herg\u00e9's cover drawing for Le Petit Vingti\u00e8me, dated 16 February 1939. The estimate was lower than that set by Artcurial at the time: between \u20ac350,000 and \u20ac500,000. But despite a press release on the actuabd.com website and a conference by expert Michel Coste, La Place d'Herg\u00e9 dans les ventes aux ench\u00e8res, the day before the auction, Tintin fans did not flock to the auction: Snowy, his master and the butler did not find any takers. No doubt we will see this little Herg\u00e9 jewel in another auction in the near future, preferably one devoted to the ninth art. Patrice GUERIN Add to favourites<\/p>","protected":false},"author":1,"featured_media":14943,"comment_status":"closed","ping_status":"open","sticky":false,"template":"","format":"standard","meta":{"site-sidebar-layout":"default","site-content-layout":"","ast-site-content-layout":"default","site-content-style":"default","site-sidebar-style":"default","ast-global-header-display":"","ast-banner-title-visibility":"","ast-main-header-display":"","ast-hfb-above-header-display":"","ast-hfb-below-header-display":"","ast-hfb-mobile-header-display":"","site-post-title":"disabled","ast-breadcrumbs-content":"","ast-featured-img":"","footer-sml-layout":"","ast-disable-related-posts":"","theme-transparent-header-meta":"","adv-header-id-meta":"","stick-header-meta":"","header-above-stick-meta":"","header-main-stick-meta":"","header-below-stick-meta":"","astra-migrate-meta-layouts":"default","ast-page-background-enabled":"default","ast-page-background-meta":{"desktop":{"background-color":"var(--ast-global-color-4)","background-image":"","background-repeat":"repeat","background-position":"center center","background-size":"auto","background-attachment":"scroll","background-type":"","background-media":"","overlay-type":"","overlay-color":"","overlay-opacity":"","overlay-gradient":""},"tablet":{"background-color":"","background-image":"","background-repeat":"repeat","background-position":"center center","background-size":"auto","background-attachment":"scroll","background-type":"","background-media":"","overlay-type":"","overlay-color":"","overlay-opacity":"","overlay-gradient":""},"mobile":{"background-color":"","background-image":"","background-repeat":"repeat","background-position":"center center","background-size":"auto","background-attachment":"scroll","background-type":"","background-media":"","overlay-type":"","overlay-color":"","overlay-opacity":"","overlay-gradient":""}},"ast-content-background-meta":{"desktop":{"background-color":"var(--ast-global-color-5)","background-image":"","background-repeat":"repeat","background-position":"center center","background-size":"auto","background-attachment":"scroll","background-type":"","background-media":"","overlay-type":"","overlay-color":"","overlay-opacity":"","overlay-gradient":""},"tablet":{"background-color":"var(--ast-global-color-5)","background-image":"","background-repeat":"repeat","background-position":"center center","background-size":"auto","background-attachment":"scroll","background-type":"","background-media":"","overlay-type":"","overlay-color":"","overlay-opacity":"","overlay-gradient":""},"mobile":{"background-color":"var(--ast-global-color-5)","background-image":"","background-repeat":"repeat","background-position":"center center","background-size":"auto","background-attachment":"scroll","background-type":"","background-media":"","overlay-type":"","overlay-color":"","overlay-opacity":"","overlay-gradient":""}},"_jetpack_memberships_contains_paid_content":false,"footnotes":""},"categories":[1],"tags":[],"class_list":["post-14928","post","type-post","status-publish","format-standard","has-post-thumbnail","hentry","category-uncategorized"],"yoast_head":"<!-- This site is optimized with the Yoast SEO plugin v27.2 - https:\/\/yoast.com\/product\/yoast-seo-wordpress\/ -->\n<title>Tintin sera-t-il re\u00e7u par le roi ? - Beile<\/title>\n<meta name=\"robots\" content=\"index, follow, max-snippet:-1, max-image-preview:large, max-video-preview:-1\" \/>\n<link rel=\"canonical\" href=\"https:\/\/beile.fr\/en\/will-tintin-be-received-by-the-king\/\" \/>\n<meta property=\"og:locale\" content=\"en_GB\" \/>\n<meta property=\"og:type\" content=\"article\" \/>\n<meta property=\"og:title\" content=\"Tintin sera-t-il re\u00e7u par le roi ? - Beile\" \/>\n<meta property=\"og:description\" content=\"Tintin sera-t-il re\u00e7u par le roi ? 9 f\u00e9vrier 1939. Tintin est persuad\u00e9 qu\u2019un complot se trame contre le souverain de la Syldavie. Son arriv\u00e9e dans le pays n\u2019a pas \u00e9t\u00e9 de tout repos\u00a0; il a m\u00eame \u00e9chapp\u00e9 \u00e0 une ex\u00e9cution. Une seule solution\u00a0: \u00ab\u00a0Allons vite avertir le roi Muskar XII du danger qui le menace\u2026\u00a0\u00bb, dit le reporter en se dirigeant d\u2019un pas alerte vers le Palais royal. Une semaine apr\u00e8s, le lecteur du Petit Vingti\u00e8me d\u00e9couvre une sc\u00e8ne cruciale en couverture du n\u00b0\u00a07\u00a0: un majordome, raide comme un piquet, s\u2019avance au premier plan. Tintin et Milou le suivent de pr\u00e8s. Au fond se tient un garde, le torse bomb\u00e9. Bien lustr\u00e9es, les dalles r\u00e9fl\u00e9chissent l\u00e9g\u00e8rement les jambes des personnages et les pattes de Milou. Pas de doute, le h\u00e9ros se trouve dans la r\u00e9sidence du chef de l\u2019\u00c9tat syldave. Sous le dessin, une phrase ajoute au suspense\u00a0: \u00ab\u00a0Tintin sera-t-il re\u00e7u par S.M. Muskar XII\u00a0?\u00a0\u00bb Sur la couverture du Petit Vingti\u00e8me, le dessin est rehauss\u00e9 de deux couleurs dites \u00ab\u00a0de soutien\u00a0\u00bb\u00a0: le vert et le rouge. Le Vingti\u00e8me Si\u00e8cle et ses suppl\u00e9ments \u00e9taient imprim\u00e9s en typographie, et les couleurs \u00e9taient appos\u00e9es approximativement et en nombre limit\u00e9. L\u2019original \u00e0 l\u2019encre de Chine est apparu dans une vente Artcurial consacr\u00e9e \u00e0 Herg\u00e9 en 2017. Initialement laiss\u00e9 en noir et blanc, il avait \u00e9t\u00e9 peint \u00e0 l\u2019aquarelle et \u00e0 la gouache blanche par le dessinateur le jour o\u00f9 il l\u2019offrit \u00e0 une relation. Ce n\u2019est pas un cas isol\u00e9\u00a0: Herg\u00e9 en fit de m\u00eame avec quelques autres couvertures du Petit Vingti\u00e8me. Estim\u00e9 entre 600 et 800\u00a0000 euros par l\u2019expert \u00c9ric Leroy, le dessin n\u2019atteignit \u00ab\u00a0que\u00a0\u00bb 505\u00a0000 euros lors de la vente du 18 novembre 2017. Or voici que ce dessin \u00e9voquant donc une s\u00e9quence du Sceptre d\u2019Ottokar a r\u00e9cemment refait surface. La maison Farrando a organis\u00e9 le 17 mars dernier une vente sous le titre g\u00e9n\u00e9rique Entier mobilier d\u2019un appartement parisien et \u00e0 divers. De nombreux objets d\u2019art, peintures, assiettes, tapis, fauteuils et autres commodes se sont succ\u00e9d\u00e9 sous le marteau du commissaire-priseur. Au milieu de tous ces lots, une seule pi\u00e8ce avait un rapport avec la bande dessin\u00e9e\u00a0: le dessin de couverture d\u2019Herg\u00e9 pour Le Petit Vingti\u00e8me du 16 f\u00e9vrier 1939. L\u2019estimation \u00e9tait inf\u00e9rieure \u00e0 celle fix\u00e9e par Artcurial en son temps\u00a0: entre 350 et 500\u00a0000 euros. Mais malgr\u00e9 un communiqu\u00e9 sur le site actuabd.com et une conf\u00e9rence de l\u2019expert Michel Coste, La Place d\u2019Herg\u00e9 dans les ventes aux ench\u00e8res, la veille de la mise \u00e0 l\u2019encan, les amateurs de Tintin ne se sont pas bouscul\u00e9s\u00a0: Milou, son ma\u00eetre et le majordome n\u2019ont pas trouv\u00e9 preneur. Sans doute reverra-t-on dans un futur proche ce petit bijou d\u2019Herg\u00e9 dans une autre vente, de pr\u00e9f\u00e9rence consacr\u00e9e au neuvi\u00e8me art. Patrice GUERIN Ajouter aux favoris\" \/>\n<meta property=\"og:url\" content=\"https:\/\/beile.fr\/en\/will-tintin-be-received-by-the-king\/\" \/>\n<meta property=\"og:site_name\" content=\"Beile\" \/>\n<meta property=\"article:published_time\" content=\"2023-04-14T11:57:00+00:00\" \/>\n<meta property=\"article:modified_time\" content=\"2023-09-14T15:01:19+00:00\" \/>\n<meta property=\"og:image\" content=\"https:\/\/beile.fr\/wp-content\/uploads\/2023\/05\/LPV-7-16-fevrier-1939.jpg\" \/>\n\t<meta property=\"og:image:width\" content=\"1289\" \/>\n\t<meta property=\"og:image:height\" content=\"1865\" \/>\n\t<meta property=\"og:image:type\" content=\"image\/jpeg\" \/>\n<meta name=\"author\" content=\"beile\" \/>\n<meta name=\"twitter:card\" content=\"summary_large_image\" \/>\n<meta name=\"twitter:label1\" content=\"Written by\" \/>\n\t<meta name=\"twitter:data1\" content=\"beile\" \/>\n\t<meta name=\"twitter:label2\" content=\"Estimated reading time\" \/>\n\t<meta name=\"twitter:data2\" content=\"3 minutes\" \/>\n<script type=\"application\/ld+json\" class=\"yoast-schema-graph\">{\"@context\":\"https:\/\/schema.org\",\"@graph\":[{\"@type\":\"Article\",\"@id\":\"https:\/\/beile.fr\/tintin-sera-t-il-recu-par-le-roi\/#article\",\"isPartOf\":{\"@id\":\"https:\/\/beile.fr\/tintin-sera-t-il-recu-par-le-roi\/\"},\"author\":{\"name\":\"beile\",\"@id\":\"https:\/\/beile.fr\/#\/schema\/person\/8077539c6780480e3f87b13a12da6b1e\"},\"headline\":\"Tintin sera-t-il re\u00e7u par le roi ?\",\"datePublished\":\"2023-04-14T11:57:00+00:00\",\"dateModified\":\"2023-09-14T15:01:19+00:00\",\"mainEntityOfPage\":{\"@id\":\"https:\/\/beile.fr\/tintin-sera-t-il-recu-par-le-roi\/\"},\"wordCount\":513,\"publisher\":{\"@id\":\"https:\/\/beile.fr\/#organization\"},\"image\":{\"@id\":\"https:\/\/beile.fr\/tintin-sera-t-il-recu-par-le-roi\/#primaryimage\"},\"thumbnailUrl\":\"https:\/\/beile.fr\/wp-content\/uploads\/2023\/05\/LPV-7-16-fevrier-1939.jpg\",\"articleSection\":[\"Uncategorized\"],\"inLanguage\":\"en-GB\"},{\"@type\":\"WebPage\",\"@id\":\"https:\/\/beile.fr\/tintin-sera-t-il-recu-par-le-roi\/\",\"url\":\"https:\/\/beile.fr\/tintin-sera-t-il-recu-par-le-roi\/\",\"name\":\"Tintin sera-t-il re\u00e7u par le roi ? - Beile\",\"isPartOf\":{\"@id\":\"https:\/\/beile.fr\/#website\"},\"primaryImageOfPage\":{\"@id\":\"https:\/\/beile.fr\/tintin-sera-t-il-recu-par-le-roi\/#primaryimage\"},\"image\":{\"@id\":\"https:\/\/beile.fr\/tintin-sera-t-il-recu-par-le-roi\/#primaryimage\"},\"thumbnailUrl\":\"https:\/\/beile.fr\/wp-content\/uploads\/2023\/05\/LPV-7-16-fevrier-1939.jpg\",\"datePublished\":\"2023-04-14T11:57:00+00:00\",\"dateModified\":\"2023-09-14T15:01:19+00:00\",\"inLanguage\":\"en-GB\",\"potentialAction\":[{\"@type\":\"ReadAction\",\"target\":[\"https:\/\/beile.fr\/tintin-sera-t-il-recu-par-le-roi\/\"]}]},{\"@type\":\"ImageObject\",\"inLanguage\":\"en-GB\",\"@id\":\"https:\/\/beile.fr\/tintin-sera-t-il-recu-par-le-roi\/#primaryimage\",\"url\":\"https:\/\/beile.fr\/wp-content\/uploads\/2023\/05\/LPV-7-16-fevrier-1939.jpg\",\"contentUrl\":\"https:\/\/beile.fr\/wp-content\/uploads\/2023\/05\/LPV-7-16-fevrier-1939.jpg\",\"width\":1289,\"height\":1865},{\"@type\":\"WebSite\",\"@id\":\"https:\/\/beile.fr\/#website\",\"url\":\"https:\/\/beile.fr\/\",\"name\":\"Beile\",\"description\":\"Vente oeuvres d&#039;arts et BD\",\"publisher\":{\"@id\":\"https:\/\/beile.fr\/#organization\"},\"potentialAction\":[{\"@type\":\"SearchAction\",\"target\":{\"@type\":\"EntryPoint\",\"urlTemplate\":\"https:\/\/beile.fr\/?s={search_term_string}\"},\"query-input\":{\"@type\":\"PropertyValueSpecification\",\"valueRequired\":true,\"valueName\":\"search_term_string\"}}],\"inLanguage\":\"en-GB\"},{\"@type\":\"Organization\",\"@id\":\"https:\/\/beile.fr\/#organization\",\"name\":\"Beile\",\"url\":\"https:\/\/beile.fr\/\",\"logo\":{\"@type\":\"ImageObject\",\"inLanguage\":\"en-GB\",\"@id\":\"https:\/\/beile.fr\/#\/schema\/logo\/image\/\",\"url\":\"https:\/\/beile.fr\/wp-content\/uploads\/2024\/01\/cropped-cropped-et.jpg\",\"contentUrl\":\"https:\/\/beile.fr\/wp-content\/uploads\/2024\/01\/cropped-cropped-et.jpg\",\"width\":1802,\"height\":1045,\"caption\":\"Beile\"},\"image\":{\"@id\":\"https:\/\/beile.fr\/#\/schema\/logo\/image\/\"}},{\"@type\":\"Person\",\"@id\":\"https:\/\/beile.fr\/#\/schema\/person\/8077539c6780480e3f87b13a12da6b1e\",\"name\":\"beile\",\"image\":{\"@type\":\"ImageObject\",\"inLanguage\":\"en-GB\",\"@id\":\"https:\/\/beile.fr\/wp-content\/litespeed\/avatar\/80d019db9aab0066600e2e4ba115dd29.jpg?ver=1776854444\",\"url\":\"https:\/\/beile.fr\/wp-content\/litespeed\/avatar\/80d019db9aab0066600e2e4ba115dd29.jpg?ver=1776854444\",\"contentUrl\":\"https:\/\/beile.fr\/wp-content\/litespeed\/avatar\/80d019db9aab0066600e2e4ba115dd29.jpg?ver=1776854444\",\"caption\":\"beile\"},\"sameAs\":[\"https:\/\/beile.fr\"],\"url\":\"https:\/\/beile.fr\/en\/author\/beile\/\"}]}<\/script>\n<!-- \/ Yoast SEO plugin. -->","yoast_head_json":{"title":"Will Tintin be received by the King? - Beile","robots":{"index":"index","follow":"follow","max-snippet":"max-snippet:-1","max-image-preview":"max-image-preview:large","max-video-preview":"max-video-preview:-1"},"canonical":"https:\/\/beile.fr\/en\/will-tintin-be-received-by-the-king\/","og_locale":"en_GB","og_type":"article","og_title":"Tintin sera-t-il re\u00e7u par le roi ? - Beile","og_description":"Tintin sera-t-il re\u00e7u par le roi ? 9 f\u00e9vrier 1939. Tintin est persuad\u00e9 qu\u2019un complot se trame contre le souverain de la Syldavie. Son arriv\u00e9e dans le pays n\u2019a pas \u00e9t\u00e9 de tout repos\u00a0; il a m\u00eame \u00e9chapp\u00e9 \u00e0 une ex\u00e9cution. Une seule solution\u00a0: \u00ab\u00a0Allons vite avertir le roi Muskar XII du danger qui le menace\u2026\u00a0\u00bb, dit le reporter en se dirigeant d\u2019un pas alerte vers le Palais royal. Une semaine apr\u00e8s, le lecteur du Petit Vingti\u00e8me d\u00e9couvre une sc\u00e8ne cruciale en couverture du n\u00b0\u00a07\u00a0: un majordome, raide comme un piquet, s\u2019avance au premier plan. Tintin et Milou le suivent de pr\u00e8s. Au fond se tient un garde, le torse bomb\u00e9. Bien lustr\u00e9es, les dalles r\u00e9fl\u00e9chissent l\u00e9g\u00e8rement les jambes des personnages et les pattes de Milou. Pas de doute, le h\u00e9ros se trouve dans la r\u00e9sidence du chef de l\u2019\u00c9tat syldave. Sous le dessin, une phrase ajoute au suspense\u00a0: \u00ab\u00a0Tintin sera-t-il re\u00e7u par S.M. Muskar XII\u00a0?\u00a0\u00bb Sur la couverture du Petit Vingti\u00e8me, le dessin est rehauss\u00e9 de deux couleurs dites \u00ab\u00a0de soutien\u00a0\u00bb\u00a0: le vert et le rouge. Le Vingti\u00e8me Si\u00e8cle et ses suppl\u00e9ments \u00e9taient imprim\u00e9s en typographie, et les couleurs \u00e9taient appos\u00e9es approximativement et en nombre limit\u00e9. L\u2019original \u00e0 l\u2019encre de Chine est apparu dans une vente Artcurial consacr\u00e9e \u00e0 Herg\u00e9 en 2017. Initialement laiss\u00e9 en noir et blanc, il avait \u00e9t\u00e9 peint \u00e0 l\u2019aquarelle et \u00e0 la gouache blanche par le dessinateur le jour o\u00f9 il l\u2019offrit \u00e0 une relation. Ce n\u2019est pas un cas isol\u00e9\u00a0: Herg\u00e9 en fit de m\u00eame avec quelques autres couvertures du Petit Vingti\u00e8me. Estim\u00e9 entre 600 et 800\u00a0000 euros par l\u2019expert \u00c9ric Leroy, le dessin n\u2019atteignit \u00ab\u00a0que\u00a0\u00bb 505\u00a0000 euros lors de la vente du 18 novembre 2017. Or voici que ce dessin \u00e9voquant donc une s\u00e9quence du Sceptre d\u2019Ottokar a r\u00e9cemment refait surface. La maison Farrando a organis\u00e9 le 17 mars dernier une vente sous le titre g\u00e9n\u00e9rique Entier mobilier d\u2019un appartement parisien et \u00e0 divers. De nombreux objets d\u2019art, peintures, assiettes, tapis, fauteuils et autres commodes se sont succ\u00e9d\u00e9 sous le marteau du commissaire-priseur. Au milieu de tous ces lots, une seule pi\u00e8ce avait un rapport avec la bande dessin\u00e9e\u00a0: le dessin de couverture d\u2019Herg\u00e9 pour Le Petit Vingti\u00e8me du 16 f\u00e9vrier 1939. L\u2019estimation \u00e9tait inf\u00e9rieure \u00e0 celle fix\u00e9e par Artcurial en son temps\u00a0: entre 350 et 500\u00a0000 euros. Mais malgr\u00e9 un communiqu\u00e9 sur le site actuabd.com et une conf\u00e9rence de l\u2019expert Michel Coste, La Place d\u2019Herg\u00e9 dans les ventes aux ench\u00e8res, la veille de la mise \u00e0 l\u2019encan, les amateurs de Tintin ne se sont pas bouscul\u00e9s\u00a0: Milou, son ma\u00eetre et le majordome n\u2019ont pas trouv\u00e9 preneur. Sans doute reverra-t-on dans un futur proche ce petit bijou d\u2019Herg\u00e9 dans une autre vente, de pr\u00e9f\u00e9rence consacr\u00e9e au neuvi\u00e8me art. Patrice GUERIN Ajouter aux favoris","og_url":"https:\/\/beile.fr\/en\/will-tintin-be-received-by-the-king\/","og_site_name":"Beile","article_published_time":"2023-04-14T11:57:00+00:00","article_modified_time":"2023-09-14T15:01:19+00:00","og_image":[{"width":1289,"height":1865,"url":"https:\/\/beile.fr\/wp-content\/uploads\/2023\/05\/LPV-7-16-fevrier-1939.jpg","type":"image\/jpeg"}],"author":"beile","twitter_card":"summary_large_image","twitter_misc":{"Written by":"beile","Estimated reading time":"3 minutes"},"schema":{"@context":"https:\/\/schema.org","@graph":[{"@type":"Article","@id":"https:\/\/beile.fr\/tintin-sera-t-il-recu-par-le-roi\/#article","isPartOf":{"@id":"https:\/\/beile.fr\/tintin-sera-t-il-recu-par-le-roi\/"},"author":{"name":"beile","@id":"https:\/\/beile.fr\/#\/schema\/person\/8077539c6780480e3f87b13a12da6b1e"},"headline":"Tintin sera-t-il re\u00e7u par le roi ?","datePublished":"2023-04-14T11:57:00+00:00","dateModified":"2023-09-14T15:01:19+00:00","mainEntityOfPage":{"@id":"https:\/\/beile.fr\/tintin-sera-t-il-recu-par-le-roi\/"},"wordCount":513,"publisher":{"@id":"https:\/\/beile.fr\/#organization"},"image":{"@id":"https:\/\/beile.fr\/tintin-sera-t-il-recu-par-le-roi\/#primaryimage"},"thumbnailUrl":"https:\/\/beile.fr\/wp-content\/uploads\/2023\/05\/LPV-7-16-fevrier-1939.jpg","articleSection":["Uncategorized"],"inLanguage":"en-GB"},{"@type":"WebPage","@id":"https:\/\/beile.fr\/tintin-sera-t-il-recu-par-le-roi\/","url":"https:\/\/beile.fr\/tintin-sera-t-il-recu-par-le-roi\/","name":"Will Tintin be received by the King? - Beile","isPartOf":{"@id":"https:\/\/beile.fr\/#website"},"primaryImageOfPage":{"@id":"https:\/\/beile.fr\/tintin-sera-t-il-recu-par-le-roi\/#primaryimage"},"image":{"@id":"https:\/\/beile.fr\/tintin-sera-t-il-recu-par-le-roi\/#primaryimage"},"thumbnailUrl":"https:\/\/beile.fr\/wp-content\/uploads\/2023\/05\/LPV-7-16-fevrier-1939.jpg","datePublished":"2023-04-14T11:57:00+00:00","dateModified":"2023-09-14T15:01:19+00:00","inLanguage":"en-GB","potentialAction":[{"@type":"ReadAction","target":["https:\/\/beile.fr\/tintin-sera-t-il-recu-par-le-roi\/"]}]},{"@type":"ImageObject","inLanguage":"en-GB","@id":"https:\/\/beile.fr\/tintin-sera-t-il-recu-par-le-roi\/#primaryimage","url":"https:\/\/beile.fr\/wp-content\/uploads\/2023\/05\/LPV-7-16-fevrier-1939.jpg","contentUrl":"https:\/\/beile.fr\/wp-content\/uploads\/2023\/05\/LPV-7-16-fevrier-1939.jpg","width":1289,"height":1865},{"@type":"WebSite","@id":"https:\/\/beile.fr\/#website","url":"https:\/\/beile.fr\/","name":"Beile","description":"Sale of artwork and comics","publisher":{"@id":"https:\/\/beile.fr\/#organization"},"potentialAction":[{"@type":"SearchAction","target":{"@type":"EntryPoint","urlTemplate":"https:\/\/beile.fr\/?s={search_term_string}"},"query-input":{"@type":"PropertyValueSpecification","valueRequired":true,"valueName":"search_term_string"}}],"inLanguage":"en-GB"},{"@type":"Organization","@id":"https:\/\/beile.fr\/#organization","name":"Beile","url":"https:\/\/beile.fr\/","logo":{"@type":"ImageObject","inLanguage":"en-GB","@id":"https:\/\/beile.fr\/#\/schema\/logo\/image\/","url":"https:\/\/beile.fr\/wp-content\/uploads\/2024\/01\/cropped-cropped-et.jpg","contentUrl":"https:\/\/beile.fr\/wp-content\/uploads\/2024\/01\/cropped-cropped-et.jpg","width":1802,"height":1045,"caption":"Beile"},"image":{"@id":"https:\/\/beile.fr\/#\/schema\/logo\/image\/"}},{"@type":"Person","@id":"https:\/\/beile.fr\/#\/schema\/person\/8077539c6780480e3f87b13a12da6b1e","name":"beile","image":{"@type":"ImageObject","inLanguage":"en-GB","@id":"https:\/\/beile.fr\/wp-content\/litespeed\/avatar\/80d019db9aab0066600e2e4ba115dd29.jpg?ver=1776854444","url":"https:\/\/beile.fr\/wp-content\/litespeed\/avatar\/80d019db9aab0066600e2e4ba115dd29.jpg?ver=1776854444","contentUrl":"https:\/\/beile.fr\/wp-content\/litespeed\/avatar\/80d019db9aab0066600e2e4ba115dd29.jpg?ver=1776854444","caption":"beile"},"sameAs":["https:\/\/beile.fr"],"url":"https:\/\/beile.fr\/en\/author\/beile\/"}]}},"jetpack_featured_media_url":"https:\/\/beile.fr\/wp-content\/uploads\/2023\/05\/LPV-7-16-fevrier-1939.jpg","jetpack_sharing_enabled":true,"publishpress_future_action":{"enabled":false,"date":"2026-05-06 08:23:50","action":"change-status","newStatus":"trash","terms":[],"taxonomy":"category","extraData":[]},"publishpress_future_workflow_manual_trigger":{"enabledWorkflows":[]},"_links":{"self":[{"href":"https:\/\/beile.fr\/en\/wp-json\/wp\/v2\/posts\/14928","targetHints":{"allow":["GET"]}}],"collection":[{"href":"https:\/\/beile.fr\/en\/wp-json\/wp\/v2\/posts"}],"about":[{"href":"https:\/\/beile.fr\/en\/wp-json\/wp\/v2\/types\/post"}],"author":[{"embeddable":true,"href":"https:\/\/beile.fr\/en\/wp-json\/wp\/v2\/users\/1"}],"replies":[{"embeddable":true,"href":"https:\/\/beile.fr\/en\/wp-json\/wp\/v2\/comments?post=14928"}],"version-history":[{"count":50,"href":"https:\/\/beile.fr\/en\/wp-json\/wp\/v2\/posts\/14928\/revisions"}],"predecessor-version":[{"id":16291,"href":"https:\/\/beile.fr\/en\/wp-json\/wp\/v2\/posts\/14928\/revisions\/16291"}],"wp:featuredmedia":[{"embeddable":true,"href":"https:\/\/beile.fr\/en\/wp-json\/wp\/v2\/media\/14943"}],"wp:attachment":[{"href":"https:\/\/beile.fr\/en\/wp-json\/wp\/v2\/media?parent=14928"}],"wp:term":[{"taxonomy":"category","embeddable":true,"href":"https:\/\/beile.fr\/en\/wp-json\/wp\/v2\/categories?post=14928"},{"taxonomy":"post_tag","embeddable":true,"href":"https:\/\/beile.fr\/en\/wp-json\/wp\/v2\/tags?post=14928"}],"curies":[{"name":"wp","href":"https:\/\/api.w.org\/{rel}","templated":true}]}}